{"id":267,"date":"2026-02-17T13:23:53","date_gmt":"2026-02-17T13:23:53","guid":{"rendered":"https:\/\/renjournal.it\/?p=267"},"modified":"2026-02-17T13:24:59","modified_gmt":"2026-02-17T13:24:59","slug":"quali-docenti-per-la-generazione-beta","status":"publish","type":"post","link":"https:\/\/renjournal.it\/?p=267","title":{"rendered":"Quali docenti per la Generazione Beta?"},"content":{"rendered":"\n<p><em>I primi nativi dell&#8217;intelligenza artificiale generativa stanno per entrare a scuola.<\/em><br><em>La domanda non \u00e8 pi\u00f9 quale tecnologia troveranno in classe, ma chi ci sar\u00e0 ad attenderli.<\/em><\/p>\n\n\n\n<p>La\u00a0<strong>Generazione Beta<\/strong>\u00a0(McCrindle, 2025) ha da poco compiuto un anno. Mentre muovono i primi passi, i loro comportamenti sono gi\u00e0 profilati, trasformando i vagiti in dati. Per questi bambini, nati dal 2025 e, per convenzione, fino al 2039, l\u2019intelligenza artificiale generativa non \u00e8 una frontiera tecnologica, ma un\u2019amniotica virtualit\u00e0 in cui sono immersi, che modella il loro modo di giocare, apprendere e interagire con persone e assistenti virtuali.<br>Nel giro di pochi anni, l\u2019ingresso degli\u00a0<em>AI kids<\/em>\u00a0nel sistema educativo render\u00e0 evidenti le crepe di modelli progettati per profili di studenti che non esistono pi\u00f9. La domanda da cui muovere oggi non riguarda le tecnologie che troveranno in classe domani, ma quali insegnanti ci saranno l\u00ec ad attenderli.<br><strong>L\u2019IA generativa: impalcatura o stampella?<\/strong><br>Nel dibattito educativo, l\u2019IA generativa viene spesso associata a un\u00a0<em>pharmakon<\/em>, che pu\u00f2 potenziare o compromettere l\u2019apprendimento a seconda del suo impiego.\u00a0<br>Quando funge da\u00a0<em>scaffolding<\/em>\u00a0&#8211; ovvero come impalcatura cognitiva a sostegno dello studente, ritirandosi progressivamente non appena l\u2019autonomia si consolida &#8211; l\u2019algoritmo generativo \u00e8 una risorsa preziosa: il motore di una didattica personalizzata, inclusiva e accessibile.<br>Il rischio risiede, per\u00f2, nel suo abuso. L\u2019IA diventa \u201cveleno\u201d quando smette di supportare lo studente nel processo di apprendimento e inizia a sostituirlo, generando l\u2019<em>output<\/em>\u00a0richiesto al suo posto. \u00c8 ci\u00f2 che la ricerca definisce\u00a0<em>crutch effect<\/em>, o effetto stampella (Bastani et al., 2024; Mollick, 2025). A quel punto, l\u2019algoritmo generativo non lavora pi\u00f9\u00a0<em>con<\/em>\u00a0lo studente, ma\u00a0<em>per<\/em>\u00a0lo studente, arrestandone il passo invece di facilitarne il cammino (Bastani et al., 2024; Mollick, 2025).<br>Questa tendenza alla delega \u00e8 alimentata da un\u2019altra insidia sottile, che Luciano Floridi (2026) definisce \u201cpareidolia semantica\u201d. \u00c8 la nostra inclinazione a proiettare intenzionalit\u00e0 e coscienza su modelli linguistici che restano, per quanto fluenti, sistemi probabilistici. In questo gioco di imitazioni, ci si dimentica che la \u201cdifferenza fondamentale\u201d tra l\u2019umano e l\u2019artificiale non risiede nella performance, ma nella materia (Floridi, 2025). L\u2019intelligenza naturale \u00e8 situata in un corpo; \u00e8 la nostra condizione di\u00a0<em>mente incarnata<\/em>\u00a0a tracciare il confine invalicabile tra il calcolo computazionale e l\u2019intelletto (Ferraris, 2025).<br>Ignorare questo confine comporta un costo cognitivo altissimo, i cui effetti si misureranno nel lungo periodo. La delega totale ai sistemi intelligenti non \u00e8 una scorciatoia innocua, ma il preludio a un\u2019eclissi del pensiero. Se questo fenomeno \u00e8 gi\u00e0 osservabile tra gli studenti che hanno incontrato l\u2019IA solo in et\u00e0 scolare, per la Generazione Beta &#8211; immersa sin dalla nascita nelle correnti algoritmiche di un\u2019infosfera satura e dinamica &#8211; il rischio \u00e8 che tale deriva diventi una condizione permanente e strutturale.<\/p>\n\n\n\n<p><strong>Preparare il terreno<\/strong><br>Torniamo a quei bambini ancora in culla mentre scriviamo. Pensare a loro significa farci carico di una responsabilit\u00e0 etica e morale che precede l\u2019urgenza tecnica. Significa, ricorrendo a un\u2019altra immagine evocativa, \u201cpiantare un paletto nel terreno\u201d (Holmes et al., 2025): fissare cio\u00e8 un punto fermo per una pedagogia emancipativa capace di abitare criticamente le maglie dell&#8217;algoritmo intelligente, senza restarne imbrigliata.<br>In questa epoca di transizioni umane e digitali, il ruolo dell\u2019insegnante non arretra, evolve. Attraverso l\u2019acquisizione di un\u00a0<em>adaptive AI mindset<\/em>\u00a0(Brafa, Giannone, Muscar\u00e0, 2025), il docente del futuro prossimo \u00e8 chiamato ad assumere<strong>\u00a0<\/strong>\u00a0una postura trasformativa che si declina operativamente in quattro dimensioni interconnesse:\u00a0<strong>riflessiva<\/strong>, per analizzare criticamente il proprio agire didattico;\u00a0<strong>progettuale<\/strong>, per disegnare esperienze ibride secondo i principi dell\u2019UDL;\u00a0<strong>relazionale<\/strong>, per alimentare comunit\u00e0 di pratiche in cui il legame umano resti centrale;\u00a0<strong>anticipatoria<\/strong>, per leggere proattivamente i segnali del futuro e governare la complessit\u00e0 del presente (Brafa &amp; Muscar\u00e0, 2025). Il risultato \u00e8 un rovesciamento di prospettiva: non \u00e8 pi\u00f9 l\u2019innovazione tecnologica a catalizzare il cambiamento, ma il docente che, con la sua regia pedagogica, nobilita lo strumento, preservando il battito autenticamente umano della relazione educativa.<br>La scuola che attende la Generazione Beta deve assumere sempre pi\u00f9 i contorni di un\u00a0<strong>grande laboratorio di umanit\u00e0<\/strong>\u00a0(Mortari, 2025), prima ancora che di tecnologia. Come osservato da Wayne Holmes in un recente intervento all\u2019UNESCO, il divario digitale del futuro non sar\u00e0 pi\u00f9 una questione di accesso ai dispositivi. La vera disuguaglianza separer\u00e0 chi potr\u00e0 contare sulla guida di un insegnante da chi, nella solitudine del proprio schermo, sar\u00e0 lasciato in balia di un algoritmo intelligente.<br>In questo tempo di crisi epistemica, dove l\u2019illusione della conoscenza \u00e8 a portata di\u00a0<em>prompt<\/em>\u00a0e la macchina eccelle nel reperire risposte, il\u00a0<strong>capitale cognitivo<\/strong>\u00a0si manifesta nella capacit\u00e0 di formulare le domande giuste; nell\u2019esercizio metodico del dubbio; nella possibilit\u00e0 di sostare nell\u2019incertezza senza cedere alla dittatura dell\u2019immediatezza; nella competenza, oggi tutt\u2019altro che scontata, di riconoscere e sapere insegnare che\u00a0non tutto ci\u00f2 che \u00e8 plausibile \u00e8 vero.<\/p>\n","protected":false},"excerpt":{"rendered":"<p>I primi nativi dell&#8217;intelligenza artificiale generativa stanno per entrare a scuola.La domanda non \u00e8 pi\u00f9 quale tecnologia troveranno in classe, ma chi ci sar\u00e0 ad&#8230;<\/p>\n","protected":false},"author":8,"featured_media":268,"comment_status":"open","ping_status":"open","sticky":false,"template":"","format":"standard","meta":{"iawp_total_views":44,"footnotes":""},"categories":[1],"tags":[62,57,58,60,59,61],"ppma_author":[55,56],"class_list":["post-267","post","type-post","status-publish","format-standard","has-post-thumbnail","hentry","category-uncategorized","tag-capitale-cognitivo","tag-generazione-beta","tag-ia","tag-mindset","tag-scaffolding","tag-udl","entry"],"authors":[{"term_id":55,"user_id":8,"is_guest":0,"slug":"marinella-muscara","display_name":"Marinella Muscar\u00e0","avatar_url":"https:\/\/secure.gravatar.com\/avatar\/4f806d6a6a6e2777ff1c022fb2ff5b74856ee65aebbce46fcab0467fccdebce0?s=96&d=mm&r=g","author_category":"","first_name":"Marinella","last_name":"Muscar\u00e0","user_url":"","job_title":"","description":"Marinella Muscar\u00e0 \u00e8 professoressa ordinaria di Didattica e pedagogia speciale. Dal 2018, dirige il Dipartimento di Studi classici, linguistici e della formazione dell\u2019Universit\u00e0 degli Studi di Enna \"Kore\". Entro la cornice dell\u2019agire didattico, i suoi interessi di ricerca e la sua attivit\u00e0 di scientifica riguardano la formazione degli insegnanti, le tecnologie educative, l\u2019heritage education e i BES"},{"term_id":56,"user_id":9,"is_guest":0,"slug":"alessandra-brafa","display_name":"Alessandra Brafa","avatar_url":"https:\/\/secure.gravatar.com\/avatar\/b620f096341cbac6f988e707a975a79189f9f64e13685ff44093347a99a5f5b9?s=96&d=mm&r=g","author_category":"","first_name":"Alessandra","last_name":"Brafa","user_url":"","job_title":"","description":"Alessandra Brafa \u00e8 dottoranda in Processi educativi nei contesti eterogenei e multiculturali all\u2019Universit\u00e0 degli Studi di Enna Kore. Ha conseguito la laurea specialistica in Letterature Comparate e Culture Postcoloniali all\u2019Universit\u00e0 di Bologna. \u00c8 giornalista pubblicista dal 2014 e docente di Lingua Francese nella scuola secondaria di II grado dal 2017. I suoi interessi di ricerca si concentrano sulle New Literacies e l\u2019IA generativa in ambito educativo, con particolare attenzione alle tecnologie per l\u2019inclusione e l\u2019innovazione scolastica."}],"_links":{"self":[{"href":"https:\/\/renjournal.it\/index.php?rest_route=\/wp\/v2\/posts\/267","targetHints":{"allow":["GET"]}}],"collection":[{"href":"https:\/\/renjournal.it\/index.php?rest_route=\/wp\/v2\/posts"}],"about":[{"href":"https:\/\/renjournal.it\/index.php?rest_route=\/wp\/v2\/types\/post"}],"author":[{"embeddable":true,"href":"https:\/\/renjournal.it\/index.php?rest_route=\/wp\/v2\/users\/8"}],"replies":[{"embeddable":true,"href":"https:\/\/renjournal.it\/index.php?rest_route=%2Fwp%2Fv2%2Fcomments&post=267"}],"version-history":[{"count":1,"href":"https:\/\/renjournal.it\/index.php?rest_route=\/wp\/v2\/posts\/267\/revisions"}],"predecessor-version":[{"id":269,"href":"https:\/\/renjournal.it\/index.php?rest_route=\/wp\/v2\/posts\/267\/revisions\/269"}],"wp:featuredmedia":[{"embeddable":true,"href":"https:\/\/renjournal.it\/index.php?rest_route=\/wp\/v2\/media\/268"}],"wp:attachment":[{"href":"https:\/\/renjournal.it\/index.php?rest_route=%2Fwp%2Fv2%2Fmedia&parent=267"}],"wp:term":[{"taxonomy":"category","embeddable":true,"href":"https:\/\/renjournal.it\/index.php?rest_route=%2Fwp%2Fv2%2Fcategories&post=267"},{"taxonomy":"post_tag","embeddable":true,"href":"https:\/\/renjournal.it\/index.php?rest_route=%2Fwp%2Fv2%2Ftags&post=267"},{"taxonomy":"author","embeddable":true,"href":"https:\/\/renjournal.it\/index.php?rest_route=%2Fwp%2Fv2%2Fppma_author&post=267"}],"curies":[{"name":"wp","href":"https:\/\/api.w.org\/{rel}","templated":true}]}}