{"id":197,"date":"2026-02-04T08:29:10","date_gmt":"2026-02-04T08:29:10","guid":{"rendered":"https:\/\/renjournal.it\/?p=197"},"modified":"2026-02-12T14:16:12","modified_gmt":"2026-02-12T14:16:12","slug":"abilismo-facciamo-chiarezza","status":"publish","type":"post","link":"https:\/\/renjournal.it\/?p=197","title":{"rendered":"Abilismo: facciamo chiarezza!"},"content":{"rendered":"<div class=\"wp-block-image\">\n<figure class=\"alignright size-full is-resized\"><img loading=\"lazy\" decoding=\"async\" width=\"500\" height=\"738\" src=\"https:\/\/renjournal.it\/wp-content\/uploads\/2026\/02\/pasolini_magnanini.jpeg\" alt=\"\" class=\"wp-image-199\" style=\"width:266px;height:auto\" srcset=\"https:\/\/renjournal.it\/wp-content\/uploads\/2026\/02\/pasolini_magnanini.jpeg 500w, https:\/\/renjournal.it\/wp-content\/uploads\/2026\/02\/pasolini_magnanini-203x300.jpeg 203w\" sizes=\"auto, (max-width: 500px) 100vw, 500px\" \/><\/figure>\n<\/div>\n\n\n<p>Ci sono temi esplorati e studiati nell\u2019ambito accademico che meritano di uscire dai Corsi di Laurea per arrivare ad un pubblico vasto, per stimolare riflessioni profonde sul nostro vivere odierno, che continua ad essere popolato da pregiudizi, stereotipi e forme di discriminazione, spesso silenziosa. C\u2019\u00e8 un volume,&nbsp;&nbsp;<em>Mezze persone. Riconoscere e comprendere l\u2019abilismo,&nbsp;<\/em>di Elena e Maria Chiara Paolini (2024, Fast Edit), che ci introduce con forza in un tema che deve essere portato alla luce: l\u2019abilismo.&nbsp;<\/p>\n\n\n\n<p>Con abilismo, scrivono le Autrici, due sorelle con disabilit\u00e0, \u201csi intende la discriminazione e lo stigma verso le persone disabili. L\u2019abilismo \u00e8 un\u2019oppressione sistemica, una visione del mondo in cui tutti siamo immersi e da cui siamo tutti influenzati\u201d. E\u2019 un&nbsp;&nbsp;potere che attribuisce valore ai corpi-menti non disabili (quelli tradizionalmente performanti), marginalizzando gli altri. Questo testo ci condure con forza direttamente al dibattito contemporaneo sui diritti delle persone con disabilit\u00e0, offrendo strumenti critici per comprendere un fenomeno ancora ampiamente normalizzato e poco riconosciuto. Il titolo, fortemente provocatorio, richiama l\u2019idea diffusa, spesso implicita, che le persone con disabilit\u00e0 vengano percepite come soggetti \u201cincompleti\u201d, la cui umanit\u00e0 \u00e8 costantemente messa in discussione.<\/p>\n\n\n\n<p>Uno dei meriti principali del testo \u00e8 quello di mostrare come l\u2019abilismo non si manifesti solo attraverso discriminazioni esplicite, ma soprattutto tramite pratiche quotidiane considerate \u201cnormali\u201d. Un esempio ricorrente riguarda il contesto scolastico, dove l\u2019inclusione degli studenti con disabilit\u00e0 viene spesso presentata come un\u2019eccezione o come un \u201cfavore\u201d, anzich\u00e9 come un diritto. Il libro evidenzia come l\u2019uso di espressioni quali \u201cragazzi normali\u201d e \u201cragazzi disabili\u201d contribuisca a rafforzare una gerarchia implicita, in cui la disabilit\u00e0 \u00e8 costantemente definita in termini di mancanza.<\/p>\n\n\n\n<p>Un altro ambito analizzato \u00e8 quello della rappresentazione mediatica. Il volume critica la narrazione della persona con disabilit\u00e0 come \u201ceroe\u201d o \u201cfonte di ispirazione\u201d, portando esempi di storie raccontate per suscitare ammirazione o piet\u00e0 piuttosto che riconoscimento. Questo tipo di retorica, apparentemente positiva, finisce per rafforzare l\u2019abilismo, perch\u00e9 misura il valore della persona in base alla sua capacit\u00e0 di avvicinarsi a standard considerati normali o produttivi.<\/p>\n\n\n\n<p>Particolarmente significativa \u00e8 anche la riflessione sul linguaggio e sullo sguardo medico. Il testo mostra come la disabilit\u00e0 venga spesso ridotta a una diagnosi, con conseguenze concrete nella relazione tra professionisti sanitari e pazienti. Vengono citati esempi di decisioni prese senza il coinvolgimento diretto delle persone interessate, come se queste non fossero pienamente capaci di autodeterminazione. In questo modo l\u2019abilismo si manifesta come una forma di paternalismo istituzionalizzato.<\/p>\n\n\n\n<p>Il volume si colloca nel solco del modello sociale della disabilit\u00e0, sottolineando come siano le barriere ambientali, culturali e simboliche, e non i corpi o le menti, a produrre esclusione. Attraverso esempi concreti tratti dalla vita quotidiana,&nbsp;<em>Mezze persone<\/em>&nbsp;rende evidente quanto l\u2019abilismo sia strutturale e pervasivo,.&nbsp;<\/p>\n\n\n\n<p>In conclusione, l\u2019opera non solo aiuta a riconoscere l\u2019abilismo nelle sue forme pi\u00f9 sottili, ma invita a una profonda revisione delle categorie di normalit\u00e0 e valore. Il riconoscimento della piena umanit\u00e0 delle persone con disabilit\u00e0 emerge come una condizione imprescindibile per costruire una societ\u00e0 autenticamente inclusiva e giusta.<\/p>\n","protected":false},"excerpt":{"rendered":"<p>Ci sono temi esplorati e studiati nell\u2019ambito accademico che meritano di uscire dai Corsi di Laurea per arrivare ad un pubblico vasto, per stimolare riflessioni&#8230;<\/p>\n","protected":false},"author":7,"featured_media":199,"comment_status":"open","ping_status":"open","sticky":false,"template":"","format":"standard","meta":{"iawp_total_views":48,"footnotes":""},"categories":[7],"tags":[44,47,46,48,45],"ppma_author":[54],"class_list":["post-197","post","type-post","status-publish","format-standard","has-post-thumbnail","hentry","category-articoli","tag-abilismo","tag-bisogni-speciali","tag-disabilita","tag-insegnante","tag-scuola","entry"],"authors":[{"term_id":54,"user_id":7,"is_guest":0,"slug":"angela-magnanini","display_name":"Angela Magnanini","avatar_url":"https:\/\/secure.gravatar.com\/avatar\/ce8aa7a6147ad2d64dbd20dc4a545c0d51ccc4b8e51b75df8c91c86ee5ecab61?s=96&d=mm&r=g","author_category":"","first_name":"Angela","last_name":"Magnanini","user_url":"","job_title":"","description":"Angela Magnanini \u00e8 Ordinario di Didattica e Pedagogia Speciale\r\npresso Universit\u00e0 degli Studi di Roma Foro Italico, Delegato del Rettore per la Disabilit\u00e0, DSA e supporto all'inclusione, Direttore del Corso di Specializzazione per il Sostegno, Responsabile del Laboratorio di Didattica e Pedagogia Speciale e Coordinatore del Centro per L'innovazione Didattica e la formazione (CIDIF)"}],"_links":{"self":[{"href":"https:\/\/renjournal.it\/index.php?rest_route=\/wp\/v2\/posts\/197","targetHints":{"allow":["GET"]}}],"collection":[{"href":"https:\/\/renjournal.it\/index.php?rest_route=\/wp\/v2\/posts"}],"about":[{"href":"https:\/\/renjournal.it\/index.php?rest_route=\/wp\/v2\/types\/post"}],"author":[{"embeddable":true,"href":"https:\/\/renjournal.it\/index.php?rest_route=\/wp\/v2\/users\/7"}],"replies":[{"embeddable":true,"href":"https:\/\/renjournal.it\/index.php?rest_route=%2Fwp%2Fv2%2Fcomments&post=197"}],"version-history":[{"count":4,"href":"https:\/\/renjournal.it\/index.php?rest_route=\/wp\/v2\/posts\/197\/revisions"}],"predecessor-version":[{"id":210,"href":"https:\/\/renjournal.it\/index.php?rest_route=\/wp\/v2\/posts\/197\/revisions\/210"}],"wp:featuredmedia":[{"embeddable":true,"href":"https:\/\/renjournal.it\/index.php?rest_route=\/wp\/v2\/media\/199"}],"wp:attachment":[{"href":"https:\/\/renjournal.it\/index.php?rest_route=%2Fwp%2Fv2%2Fmedia&parent=197"}],"wp:term":[{"taxonomy":"category","embeddable":true,"href":"https:\/\/renjournal.it\/index.php?rest_route=%2Fwp%2Fv2%2Fcategories&post=197"},{"taxonomy":"post_tag","embeddable":true,"href":"https:\/\/renjournal.it\/index.php?rest_route=%2Fwp%2Fv2%2Ftags&post=197"},{"taxonomy":"author","embeddable":true,"href":"https:\/\/renjournal.it\/index.php?rest_route=%2Fwp%2Fv2%2Fppma_author&post=197"}],"curies":[{"name":"wp","href":"https:\/\/api.w.org\/{rel}","templated":true}]}}